{"id":2614,"date":"2026-09-06T08:36:34","date_gmt":"2026-09-06T11:36:34","guid":{"rendered":"https:\/\/www.ripa.com.ar\/blog\/?p=2614"},"modified":"2026-09-06T10:28:39","modified_gmt":"2026-09-06T13:28:39","slug":"pie-una-ventana-del-mundo-a-la-region-tecnologia-identidad-y-nuevas-oportunidades-de-integracion-para-la-economia-local","status":"publish","type":"post","link":"https:\/\/www.ripa.com.ar\/blog\/?p=2614","title":{"rendered":"PIE: Una ventana del mundo a la regi\u00f3n: \u201ctecnolog\u00eda, identidad y nuevas oportunidades de integraci\u00f3n para la econom\u00eda local\u201d."},"content":{"rendered":"\n<p class=\"wp-block-paragraph\">Quiz\u00e1s tengamos que repetirlo muchas veces. Lo hemos hecho en numerosas notas y lo seguiremos haciendo, porque estamos entrando en una nueva etapa de la historia y frente a un cambio de \u00e9poca, insistir no es redundancia, es compartir una mirada estrat\u00e9gica diferente, intentar y tratar de anticipar lo que viene y poner en discusi\u00f3n preguntas que ma\u00f1ana ser\u00e1n inevitables.<\/p>\n\n\n\n<p class=\"wp-block-paragraph\">Lo reiteramos porque creemos que nuestra regi\u00f3n todav\u00eda est\u00e1 a tiempo de comprender el mundo que viene y decidir qu\u00e9 lugar quiere ocupar en \u00e9l.<\/p>\n\n\n\n<p class=\"wp-block-paragraph\">Quiz\u00e1s no nos toque vivir todo lo que estamos pensando, pero s\u00ed podemos, sembrar algunas ideas para quienes tendr\u00e1n que construirlo.<\/p>\n\n\n\n<p class=\"wp-block-paragraph\">Sostenemos esas ideas en el tiempo, porque no estamos hablando de una moda tecnol\u00f3gica ni de una nueva colecci\u00f3n de palabras de moda.<\/p>\n\n\n\n<p class=\"wp-block-paragraph\">Estamos hablando de una transformaci\u00f3n, que est\u00e1 modificando simult\u00e1neamente, la econom\u00eda, la tecnolog\u00eda, las finanzas, el comercio, la producci\u00f3n, el conocimiento, la pol\u00edtica y las relaciones de poder.<\/p>\n\n\n\n<p class=\"wp-block-paragraph\">Y mientras todo esto ocurre, muchos de nuestros ecosistemas locales, contin\u00faan pensando el desarrollo con conceptos y acciones de otros tiempos.<\/p>\n\n\n\n<p class=\"wp-block-paragraph\">La Plataforma de Integraci\u00f3n Estrat\u00e9gica (PIE), la propusimos en una nota anterior (<a href=\"https:\/\/www.ripa.com.ar\/blog\/?p=2604\" target=\"_blank\" rel=\"noopener\">https:\/\/www.ripa.com.ar\/blog\/?p=2604<\/a>) y comprende un modelo de acci\u00f3n para enfrentar la nueva geoeconom\u00eda mundial, basado en la integraci\u00f3n de cinco capacidades estrat\u00e9gicas: Tecnolog\u00eda + Confianza + Asociatividad + Redes + Gobernanza.<\/p>\n\n\n\n<p class=\"wp-block-paragraph\">En aquella nota, desarrollamos los contenidos de cada una de ellas, tanto en inteligencia artificial, como en identidad digital, en temas de tokenizaci\u00f3n de activos reales y\/o en las nuevas formas de dinero digital, la tecnolog\u00eda cu\u00e1ntica y las redes globales de comercializaci\u00f3n y producci\u00f3n.<\/p>\n\n\n\n<p class=\"wp-block-paragraph\">Estos temas relacionados, no son fen\u00f3menos aislados, ni una moda temporal, son piezas de una misma transformaci\u00f3n.<\/p>\n\n\n\n<p class=\"wp-block-paragraph\">Y sobre esa transformaci\u00f3n hist\u00f3rica de nuestro tiempo, nos debemos la pregunta: \u00bfHacia d\u00f3nde va el mundo y de qu\u00e9 forma? Esa deber\u00eda ser una de las primeras preguntas de cualquier gobierno, empresa o instituci\u00f3n que pretenda pensar estrat\u00e9gicamente su futuro.<\/p>\n\n\n\n<p class=\"wp-block-paragraph\">No estamos viviendo el mundo de ayer, estamos inserto en el mundo de ma\u00f1ana, porque el mundo que conocimos est\u00e1 cambiando a diario, por horas y la globalizaci\u00f3n ya es parte del pasado.<\/p>\n\n\n\n<p class=\"wp-block-paragraph\">Los mercados, se fragmentan y al mismo tiempo, se conectan de nuevas maneras y los capitales buscan nuevos espacios. Y por sobre todo la tecnolog\u00eda, modifica las ventajas competitivas.<\/p>\n\n\n\n<p class=\"wp-block-paragraph\"><strong>Y Nuestra regi\u00f3n y nuestra Mendoza, \u00bfd\u00f3nde estamos nosotros?<\/strong><\/p>\n\n\n\n<p class=\"wp-block-paragraph\">Existe una diferencia enorme entre tener tecnolog\u00eda y utilizarla estrat\u00e9gicamente; entre tener empresas y estar integrados a mercados; entre producir y formar parte de cadenas globales de valor; entre tener informaci\u00f3n y disponer de datos confiables; entre tener presencia digital y poseer una verdadera identidad digital.<\/p>\n\n\n\n<p class=\"wp-block-paragraph\">Existe una gran diferencia, entre querer internacionalizarnos y estar efectivamente conectados en redes internacionales.<\/p>\n\n\n\n<p class=\"wp-block-paragraph\">De nuevo aparece la brecha y no solamente digital o la de la era cu\u00e1ntica en pleno desarrollo, aparece la brecha de la integraci\u00f3n. Y quiz\u00e1s sea una de las brechas m\u00e1s importantes que debamos enfrentar durante los pr\u00f3ximos a\u00f1os.<\/p>\n\n\n\n<p class=\"wp-block-paragraph\">Nuestra regi\u00f3n, nuestra aldea local, nuestra Mendoza, ya no puede pensarse solamente desde adentro. Porque as\u00ed, durante mucho tiempo se pens\u00f3 Mendoza, desde la misma Mendoza, as\u00ed pensaron en sus recursos, en sus empresas, en las instituciones, en la infraestructura y en la atracci\u00f3n de inversiones.<\/p>\n\n\n\n<p class=\"wp-block-paragraph\">Y nosotros, desde hace m\u00e1s de tres d\u00e9cadas, les se\u00f1alamos y por ello, trabajamos con programas e instituciones y organismos globales: Mendoza, nuestra regi\u00f3n y nuestras instituciones, necesitan invertir la mirada.<\/p>\n\n\n\n<p class=\"wp-block-paragraph\">Ese mundo que pensaron lejano, ya no espera m\u00e1s, hay que pensar desde el mundo hacia nuestra regi\u00f3n y abrir esa ventana en el tiempo.<\/p>\n\n\n\n<p class=\"wp-block-paragraph\"><strong>Es hora de preguntarnos qu\u00e9 est\u00e1 ocurriendo afuera: qu\u00e9 tecnolog\u00edas est\u00e1n cambiando la producci\u00f3n, qu\u00e9 redes est\u00e1n organizando los mercados, d\u00f3nde y de qu\u00e9 forma se mueve el capital, que&nbsp; nuevas infraestructuras digitales est\u00e1n apareciendo a diario, que mecanismos de confianza est\u00e1n surgiendo y qu\u00e9 necesitan las empresas para participar de la econom\u00eda global, por eso proponemos la PIE, para hacernos la pregunta correcta: qu\u00e9 lugar queremos ocupar dentro de ese nuevo escenario geoecon\u00f3mico mundial y c\u00f3mo nos integramos al mismo.<\/strong><\/p>\n\n\n\n<p class=\"wp-block-paragraph\">Desde 1995, cuando fundamos la primera plataforma de comercio electr\u00f3nico en Mendoza, y la convertimos en la primera Latinoamericana, no cambiamos nuestra forma de pensar: una peque\u00f1a o mediana empresa de nuestra aldea local puede tener una dimensi\u00f3n global sin dejar de ser profundamente local.<\/p>\n\n\n\n<p class=\"wp-block-paragraph\">Puede conservar su identidad, su origen y su territorio y simult\u00e1neamente, formar parte de una red que atraviesa fronteras, porque el desaf\u00edo fue siempre el mismo, no es abandonar la aldea, es integrarla y seguir con aquello que generamos en su momento, pero con la tecnolog\u00eda del presente y con la idea de siempre: generar confianza.<\/p>\n\n\n\n<p class=\"wp-block-paragraph\">La verdadera estrategia, consiste en anticipar y para ello necesitamos confianza, quiz\u00e1s la palabra m\u00e1s importante, junto con integraci\u00f3n, de esta nueva econom\u00eda: confianza institucional, confianza empresarial, confianza digital, confianza en los datos, confianza en las transacciones, para invertir y para asociarse.<\/p>\n\n\n\n<p class=\"wp-block-paragraph\">La Plataforma de Integraci\u00f3n Estrat\u00e9gica (PIE), da y nos otorga, en un mundo cada vez m\u00e1s digitalizado, la confianza que podr\u00e1 ser verificada, protegida y sostenida.<\/p>\n\n\n\n<p class=\"wp-block-paragraph\">Por eso identidad digital, datos, asociatividad, gobernanza y redes no son asuntos separados, forman parte de la misma plataforma, de una misma infraestructura y ninguna de ellas puede abordarse individualmente, y ello porque el paradigma cambio radicalmente: lo p\u00fablico solo no alcanza, ni el privado solo tampoco.<\/p>\n\n\n\n<p class=\"wp-block-paragraph\">La complejidad del nuevo escenario exige articulaci\u00f3n del sector p\u00fablico y del privado y establecer reglas, orientar, delimitar, eso es gobernanza.<\/p>\n\n\n\n<p class=\"wp-block-paragraph\">Porque si las peque\u00f1as y medianas empresas enfrentan individualmente un mundo cada vez m\u00e1s complejo, tecnol\u00f3gico y global, sus posibilidades son limitadas.<\/p>\n\n\n\n<p class=\"wp-block-paragraph\">De all\u00ed surge la Plataforma de Integraci\u00f3n Estrat\u00e9gica, la PIE que no deber\u00eda entenderse simplemente como otra iniciativa, es una manera diferente de mirar el desarrollo, una arquitectura para integrar capacidades.<\/p>\n\n\n\n<p class=\"wp-block-paragraph\">Y seguiremos insistiendo, en ello, porque entre lo que somos y lo que podemos ser, existe un espacio, que no se llena con relato o discursos.<\/p>\n\n\n\n<p class=\"wp-block-paragraph\">La transformaci\u00f3n comienza cuando una sociedad convierte una visi\u00f3n en decisiones y acciones, all\u00ed, solo all\u00ed, est\u00e1 la diferencia entre una declaraci\u00f3n y una estrategia.<\/p>\n\n\n\n<p class=\"wp-block-paragraph\">Y no queremos tener raz\u00f3n dentro de diez a\u00f1os, queremos que Nuestra Mendoza est\u00e9 preparada dentro de diez a\u00f1os.<\/p>\n\n\n\n<p class=\"wp-block-paragraph\">Porque mientras nosotros discutimos si estas transformaciones llegar\u00e1n, otros ya est\u00e1n construyendo sobre ellas.<\/p>\n\n\n\n<p class=\"wp-block-paragraph\">La clave es poner la mirada en la integraci\u00f3n estrat\u00e9gica: abrir una ventana del mundo hacia la regi\u00f3n y hacer de la regi\u00f3n una plataforma conectada con el mundo.<\/p>\n\n\n\n<p class=\"wp-block-paragraph\">Porque no se trata solo de mirar lo que viene, sino de ocupar un lugar en lo que ya est\u00e1 sucediendo.<\/p>\n\n\n\n<p class=\"wp-block-paragraph\"><strong>Dr. Jorge Nelson Ripa<\/strong><\/p>\n\n\n\n<p class=\"has-medium-font-size wp-block-paragraph\"><strong><a href=\"http:\/\/www.ripa.com.ar\/\" target=\"_blank\" rel=\"noopener\">www.ripa.com.ar<\/a><\/strong><\/p>\n\n\n\n<p class=\"has-medium-font-size wp-block-paragraph\"><strong><a href=\"https:\/\/www.ripa.com.ar\/blog\/?page_id=147\" target=\"_blank\" rel=\"noopener\">JNRipa Global Blog: X: @jnripa<\/a><\/strong><\/p>\n\n\n\n<p class=\"has-medium-font-size wp-block-paragraph\"><\/p>\n","protected":false},"excerpt":{"rendered":"<p>Quiz\u00e1s tengamos que repetirlo muchas veces. Lo hemos hecho en numerosas notas y lo seguiremos haciendo, porque estamos entrando en una nueva etapa de la historia y frente a un cambio de \u00e9poca, insistir no es redundancia, es compartir una mirada estrat\u00e9gica diferente, intentar y tratar de anticipar lo que viene y poner en discusi\u00f3n [&hellip;]<\/p>\n","protected":false},"author":2,"featured_media":2615,"comment_status":"open","ping_status":"closed","sticky":false,"template":"","format":"aside","meta":{"footnotes":""},"categories":[1],"tags":[],"class_list":["post-2614","post","type-post","status-publish","format-aside","has-post-thumbnail","hentry","category-varios","post_format-post-format-aside"],"_links":{"self":[{"href":"https:\/\/www.ripa.com.ar\/blog\/index.php?rest_route=\/wp\/v2\/posts\/2614","targetHints":{"allow":["GET"]}}],"collection":[{"href":"https:\/\/www.ripa.com.ar\/blog\/index.php?rest_route=\/wp\/v2\/posts"}],"about":[{"href":"https:\/\/www.ripa.com.ar\/blog\/index.php?rest_route=\/wp\/v2\/types\/post"}],"author":[{"embeddable":true,"href":"https:\/\/www.ripa.com.ar\/blog\/index.php?rest_route=\/wp\/v2\/users\/2"}],"replies":[{"embeddable":true,"href":"https:\/\/www.ripa.com.ar\/blog\/index.php?rest_route=%2Fwp%2Fv2%2Fcomments&post=2614"}],"version-history":[{"count":3,"href":"https:\/\/www.ripa.com.ar\/blog\/index.php?rest_route=\/wp\/v2\/posts\/2614\/revisions"}],"predecessor-version":[{"id":2619,"href":"https:\/\/www.ripa.com.ar\/blog\/index.php?rest_route=\/wp\/v2\/posts\/2614\/revisions\/2619"}],"wp:featuredmedia":[{"embeddable":true,"href":"https:\/\/www.ripa.com.ar\/blog\/index.php?rest_route=\/wp\/v2\/media\/2615"}],"wp:attachment":[{"href":"https:\/\/www.ripa.com.ar\/blog\/index.php?rest_route=%2Fwp%2Fv2%2Fmedia&parent=2614"}],"wp:term":[{"taxonomy":"category","embeddable":true,"href":"https:\/\/www.ripa.com.ar\/blog\/index.php?rest_route=%2Fwp%2Fv2%2Fcategories&post=2614"},{"taxonomy":"post_tag","embeddable":true,"href":"https:\/\/www.ripa.com.ar\/blog\/index.php?rest_route=%2Fwp%2Fv2%2Ftags&post=2614"}],"curies":[{"name":"wp","href":"https:\/\/api.w.org\/{rel}","templated":true}]}}